{"id":542,"date":"2019-01-11T14:26:18","date_gmt":"2019-01-11T13:26:18","guid":{"rendered":"http:\/\/www.diedrich-online.de\/blog\/?p=542"},"modified":"2019-02-25T10:43:06","modified_gmt":"2019-02-25T09:43:06","slug":"erstmals-crashkurs-internationale-schlaf-und-wiegenlieder-mit-gitarre-und-ukulele-samstag-23-3-2019-13-00-17-00-uhr","status":"publish","type":"post","link":"https:\/\/diedrich-online.de\/blog\/2019\/01\/11\/erstmals-crashkurs-internationale-schlaf-und-wiegenlieder-mit-gitarre-und-ukulele-samstag-23-3-2019-13-00-17-00-uhr\/","title":{"rendered":"Erstmals Intensiv-Workshop  VHS: Internationale Schlaf- und Wiegenlieder mit Gitarre und Ukulele Samstag 23.3.2019 13.00 &#8211; 17.00 Uhr"},"content":{"rendered":"<p>Die Teilnehmer\/innen lernen und singen gemeinsam beliebte und neue Schlaf- und Wiegenlieder von &#8222;Guten Abend, gute Nacht&#8220; bis &#8222;Lalilu&#8220; auf Deutsch und Englisch und begleiten sie auf Gitarre oder Ukulele. Vorkenntnisse: Spiel der wichtigsten Akkorde.<!--more--><\/p>\n<p>Das Singen eines Schlaf- oder Wiegenliedes ist ein kostbarer, intensiver und intimer Moment zwischen Eltern und Kind. Wenn Eltern, Gro\u00dfeltern oder andere nahestehende Menschen abends f\u00fcr ein Kind singen, geben sie diesem ein sicheres und friedliches Gef\u00fchl mit den Schlaf. Und das Kind kann als Erwachsener diesen Ritus sp\u00e4ter wiederum an eigene Kinder weitergeben. So bleiben wichtige menschliche Tradition lebendig. Singen war schon immer Teil der menschlichen Kultur und umfasst einen wichtigen sozialen Aspekt: Menschen, die zusammen singen, Erleben ein Gef\u00fchl der Zusammengeh\u00f6rigkeit und Sicherheit. Das Ritual, Babys mit Gesang in den Schlaf zu wiegen gibt es in allen Kulturen.<\/p>\n<p>Michael Diedrich \/ 1Termine \/&nbsp; 5,33 UE \/ Samstag, 23.M\u00e4rz; 13:00-17:00 Uhr \/&nbsp; Grundschule Diedesheim, Heidelberger Str. 83, Mosbach, Raum 2 \/&nbsp; 19 Euro \/ ab 10 Teilnehmenden (bei geringerer TN-Zahl h\u00f6here Geb\u00fchr)<\/p>\n<p><a href=\"https:\/\/www.vhs-mosbach.de\/programm\/kultur-und-gestaltung\/kurs\/Internationale+Schlaf-+und+Wiegenlieder+mit+Gitarre+und+Ukulele\/nr\/19120876\/bereich\/details\/kat\/15\/#inhalt\">https:\/\/www.vhs-mosbach.de\/programm\/kultur-und-gestaltung\/kurs\/Internationale+Schlaf-+und+Wiegenlieder+mit+Gitarre+und+Ukulele\/nr\/19120876\/bereich\/details\/kat\/15\/#inhalt<\/a><\/p>\n","protected":false},"excerpt":{"rendered":"<p>Die Teilnehmer\/innen lernen und singen gemeinsam beliebte und neue Schlaf- und Wiegenlieder von &#8222;Guten Abend, gute Nacht&#8220; bis &#8222;Lalilu&#8220; auf Deutsch und Englisch und begleiten sie auf Gitarre oder Ukulele. Vorkenntnisse: Spiel der wichtigsten Akkorde.<\/p>\n","protected":false},"author":25,"featured_media":0,"comment_status":"open","ping_status":"closed","sticky":false,"template":"","format":"standard","meta":{"footnotes":""},"categories":[1,5,10],"tags":[],"class_list":["post-542","post","type-post","status-publish","format-standard","hentry","category-allgemein","category-fortbildungen","category-veranstaltungen"],"_links":{"self":[{"href":"https:\/\/diedrich-online.de\/blog\/wp-json\/wp\/v2\/posts\/542","targetHints":{"allow":["GET"]}}],"collection":[{"href":"https:\/\/diedrich-online.de\/blog\/wp-json\/wp\/v2\/posts"}],"about":[{"href":"https:\/\/diedrich-online.de\/blog\/wp-json\/wp\/v2\/types\/post"}],"author":[{"embeddable":true,"href":"https:\/\/diedrich-online.de\/blog\/wp-json\/wp\/v2\/users\/25"}],"replies":[{"embeddable":true,"href":"https:\/\/diedrich-online.de\/blog\/wp-json\/wp\/v2\/comments?post=542"}],"version-history":[{"count":3,"href":"https:\/\/diedrich-online.de\/blog\/wp-json\/wp\/v2\/posts\/542\/revisions"}],"predecessor-version":[{"id":549,"href":"https:\/\/diedrich-online.de\/blog\/wp-json\/wp\/v2\/posts\/542\/revisions\/549"}],"wp:attachment":[{"href":"https:\/\/diedrich-online.de\/blog\/wp-json\/wp\/v2\/media?parent=542"}],"wp:term":[{"taxonomy":"category","embeddable":true,"href":"https:\/\/diedrich-online.de\/blog\/wp-json\/wp\/v2\/categories?post=542"},{"taxonomy":"post_tag","embeddable":true,"href":"https:\/\/diedrich-online.de\/blog\/wp-json\/wp\/v2\/tags?post=542"}],"curies":[{"name":"wp","href":"https:\/\/api.w.org\/{rel}","templated":true}]}}